{"id":8648,"date":"2026-08-21T16:32:38","date_gmt":"2026-08-21T14:32:38","guid":{"rendered":"https:\/\/www.orienteering.it\/?p=8648"},"modified":"2026-08-21T16:37:45","modified_gmt":"2026-08-21T14:37:45","slug":"inderst-in-finale-alla-coppa-del-mondo-in-repubblica-ceca","status":"publish","type":"post","link":"https:\/\/www.orienteering.it\/it\/2026\/08\/21\/inderst-in-finale-alla-coppa-del-mondo-in-repubblica-ceca\/","title":{"rendered":"Inderst in finale alla Coppa del Mondo in Repubblica Ceca"},"content":{"rendered":"<p><span style=\"font-weight: 400;\">A Vy\u0161\u0161\u00ed Brod, in Repubblica Ceca, <\/span><b>Sebastian Inderst<\/b><span style=\"font-weight: 400;\"> ha preso parte alla terza tappa stagionale della <\/span><b>Coppa del Mondo<\/b><span style=\"font-weight: 400;\">, andata in scena dal 5 al 9 agosto. Su terreni tecnici e submontani della Boemia meridionale, Sebastian ha superato la qualificazione della Middle conquistando l&#8217;accesso alla <\/span><b>finale A<\/b><span style=\"font-weight: 400;\">, un risultato niente male considerando che oggi ogni nazione pu\u00f2 schierare fino a 8 atleti.<\/span><\/p>\n<p><span style=\"font-weight: 400;\">Dietro c&#8217;\u00e8 un lavoro che va avanti da un po&#8217;: insieme alla sua allenatrice Svetlana, e con il supporto di Park World Tour Italia, Sebastian sta rivedendo il modo in cui affronta le gare, e a Vy\u0161\u0161\u00ed Brod si \u00e8 visto qualche primo frutto concreto su un terreno tutt&#8217;altro che semplice.<\/span><\/p>\n<p><span style=\"font-weight: 400;\">Gli abbiamo chiesto due parole su questi giorni di gara:<\/span><\/p>\n<p><span style=\"font-weight: 400;\">\u00abDirei che nel complesso sono soddisfatto!! Grazie al lavoro che sto svolgendo con Svetlana (grazie al supporto del PWT) sto ristrutturando il modo nel quale faccio orienteering, e ci vorr\u00e0 tempo per consolidarlo. Ma gi\u00e0 sta cominciando a dare frutti, e sono riuscito a fare delle gare molto stabili in un terreno molto tecnico! Qualificarsi per le finali A \u00e8 tutt&#8217;altro che scontato ora che ogni nazione pu\u00f2 portare fino ad 8 atleti, e nelle finali mi mancava ancora un po&#8217; di velocit\u00e0 e ottimizzazione del metodo che sto adattando\u2026 ma promettente per gli appuntamenti futuri, particolarmente EOC di fine settembre e WOC del prossimo anno!\u00bb<\/span><\/p>\n<p><img decoding=\"async\" class=\"lazyload alignnone size-medium wp-image-8646\" src=\"https:\/\/www.orienteering.it\/wp-content\/uploads\/2026\/08\/7DC6FB71-31B7-4124-8762-5294D9C009EB-200x300.webp\" data-orig-src=\"https:\/\/www.orienteering.it\/wp-content\/uploads\/2026\/08\/7DC6FB71-31B7-4124-8762-5294D9C009EB-200x300.webp\" alt=\"\" width=\"200\" height=\"300\" srcset=\"data:image\/svg+xml,%3Csvg%20xmlns%3D%27http%3A%2F%2Fwww.w3.org%2F2000%2Fsvg%27%20width%3D%27200%27%20height%3D%27300%27%20viewBox%3D%270%200%20200%20300%27%3E%3Crect%20width%3D%27200%27%20height%3D%27300%27%20fill-opacity%3D%220%22%2F%3E%3C%2Fsvg%3E\" data-srcset=\"https:\/\/www.orienteering.it\/wp-content\/uploads\/2026\/08\/7DC6FB71-31B7-4124-8762-5294D9C009EB-200x300.webp 200w, https:\/\/www.orienteering.it\/wp-content\/uploads\/2026\/08\/7DC6FB71-31B7-4124-8762-5294D9C009EB-400x600.webp 400w, https:\/\/www.orienteering.it\/wp-content\/uploads\/2026\/08\/7DC6FB71-31B7-4124-8762-5294D9C009EB-600x900.webp 600w, https:\/\/www.orienteering.it\/wp-content\/uploads\/2026\/08\/7DC6FB71-31B7-4124-8762-5294D9C009EB-682x1024.webp 682w, https:\/\/www.orienteering.it\/wp-content\/uploads\/2026\/08\/7DC6FB71-31B7-4124-8762-5294D9C009EB-768x1152.webp 768w, https:\/\/www.orienteering.it\/wp-content\/uploads\/2026\/08\/7DC6FB71-31B7-4124-8762-5294D9C009EB-800x1200.webp 800w, https:\/\/www.orienteering.it\/wp-content\/uploads\/2026\/08\/7DC6FB71-31B7-4124-8762-5294D9C009EB.webp 843w\" data-sizes=\"auto\" data-orig-sizes=\"(max-width: 200px) 100vw, 200px\" \/><\/p>\n<p>Picture Credits: Jiri Mrkvicka<\/p>\n","protected":false},"excerpt":{"rendered":"<p>A Vy\u0161\u0161\u00ed Brod, in Repubblica Ceca, Sebastian Inderst ha preso parte alla terza tappa stagionale della Coppa del Mondo, andata in scena dal 5 al 9 agosto. Su terreni tecnici e submontani della Boemia meridionale, Sebastian ha superato la qualificazione della Middle conquistando l&#8217;accesso alla finale A, un risultato niente male considerando che oggi ogni nazione pu\u00f2 schierare fino a 8 atleti. Dietro c&#8217;\u00e8 un lavoro che va avanti da un po&#8217;: insieme alla sua allenatrice Svetlana, e con il supporto di Park World Tour Italia, Sebastian sta rivedendo il modo in cui affronta le gare, e a Vy\u0161\u0161\u00ed Brod si <a href=\"https:\/\/www.orienteering.it\/it\/2026\/08\/21\/inderst-in-finale-alla-coppa-del-mondo-in-repubblica-ceca\/\"> [&#8230;]<\/a><\/p>\n","protected":false},"author":3,"featured_media":8644,"comment_status":"closed","ping_status":"closed","sticky":false,"template":"","format":"standard","meta":{"footnotes":""},"categories":[144,153],"tags":[],"class_list":["post-8648","post","type-post","status-publish","format-standard","has-post-thumbnail","hentry","category-non-categorizzato","category-pwt-team"],"yoast_head":"<!-- This site is optimized with the Yoast SEO plugin v28.3 - https:\/\/yoast.com\/product\/yoast-seo-wordpress\/ -->\n<title>Inderst in finale alla Coppa del Mondo in Repubblica Ceca - Orienteering.it<\/title>\n<meta name=\"robots\" content=\"index, follow, max-snippet:-1, max-image-preview:large, max-video-preview:-1\" \/>\n<link rel=\"canonical\" href=\"https:\/\/www.orienteering.it\/it\/2026\/08\/21\/inderst-in-finale-alla-coppa-del-mondo-in-repubblica-ceca\/\" \/>\n<meta property=\"og:locale\" content=\"it_IT\" \/>\n<meta property=\"og:type\" content=\"article\" \/>\n<meta property=\"og:title\" content=\"Inderst in finale alla Coppa del Mondo in Repubblica Ceca - Orienteering.it\" \/>\n<meta property=\"og:description\" content=\"A Vy\u0161\u0161\u00ed Brod, in Repubblica Ceca, Sebastian Inderst ha preso parte alla terza tappa stagionale della Coppa del Mondo, andata in scena dal 5 al 9 agosto. Su terreni tecnici e submontani della Boemia meridionale, Sebastian ha superato la qualificazione della Middle conquistando l&#8217;accesso alla finale A, un risultato niente male considerando che oggi ogni nazione pu\u00f2 schierare fino a 8 atleti. Dietro c&#8217;\u00e8 un lavoro che va avanti da un po&#8217;: insieme alla sua allenatrice Svetlana, e con il supporto di Park World Tour Italia, Sebastian sta rivedendo il modo in cui affronta le gare, e a Vy\u0161\u0161\u00ed Brod si [...]\" \/>\n<meta property=\"og:url\" content=\"https:\/\/www.orienteering.it\/it\/2026\/08\/21\/inderst-in-finale-alla-coppa-del-mondo-in-repubblica-ceca\/\" \/>\n<meta property=\"og:site_name\" content=\"Orienteering.it\" \/>\n<meta property=\"article:published_time\" content=\"2026-08-21T14:32:38+00:00\" \/>\n<meta property=\"article:modified_time\" content=\"2026-08-21T14:37:45+00:00\" \/>\n<meta property=\"og:image\" content=\"https:\/\/www.orienteering.it\/wp-content\/uploads\/2026\/08\/7DC6FB71-31B7-4124-8762-5294D9C009EB-e1787322929957.jpg\" \/>\n\t<meta property=\"og:image:width\" content=\"843\" \/>\n\t<meta property=\"og:image:height\" content=\"405\" \/>\n\t<meta property=\"og:image:type\" content=\"image\/jpeg\" \/>\n<meta name=\"author\" content=\"Annarita\" \/>\n<meta name=\"twitter:card\" content=\"summary_large_image\" \/>\n<meta name=\"twitter:label1\" content=\"Scritto da\" \/>\n\t<meta name=\"twitter:data1\" content=\"Annarita\" \/>\n\t<meta name=\"twitter:label2\" content=\"Tempo di lettura stimato\" \/>\n\t<meta name=\"twitter:data2\" content=\"2 minuti\" \/>\n<script type=\"application\/ld+json\" class=\"yoast-schema-graph\">{\"@context\":\"https:\\\/\\\/schema.org\",\"@graph\":[{\"@type\":\"Article\",\"@id\":\"https:\\\/\\\/www.orienteering.it\\\/it\\\/2026\\\/08\\\/21\\\/inderst-in-finale-alla-coppa-del-mondo-in-repubblica-ceca\\\/#article\",\"isPartOf\":{\"@id\":\"https:\\\/\\\/www.orienteering.it\\\/it\\\/2026\\\/08\\\/21\\\/inderst-in-finale-alla-coppa-del-mondo-in-repubblica-ceca\\\/\"},\"author\":{\"name\":\"Annarita\",\"@id\":\"https:\\\/\\\/www.orienteering.it\\\/#\\\/schema\\\/person\\\/f5bf9a436c10d209aa6d1476665c15e1\"},\"headline\":\"Inderst in finale alla Coppa del Mondo in Repubblica Ceca\",\"datePublished\":\"2026-08-21T14:32:38+00:00\",\"dateModified\":\"2026-08-21T14:37:45+00:00\",\"mainEntityOfPage\":{\"@id\":\"https:\\\/\\\/www.orienteering.it\\\/it\\\/2026\\\/08\\\/21\\\/inderst-in-finale-alla-coppa-del-mondo-in-repubblica-ceca\\\/\"},\"wordCount\":240,\"publisher\":{\"@id\":\"https:\\\/\\\/www.orienteering.it\\\/#organization\"},\"image\":{\"@id\":\"https:\\\/\\\/www.orienteering.it\\\/it\\\/2026\\\/08\\\/21\\\/inderst-in-finale-alla-coppa-del-mondo-in-repubblica-ceca\\\/#primaryimage\"},\"thumbnailUrl\":\"https:\\\/\\\/www.orienteering.it\\\/wp-content\\\/uploads\\\/2026\\\/08\\\/7DC6FB71-31B7-4124-8762-5294D9C009EB-e1787322929957.jpg\",\"articleSection\":[\"Non categorizzato\",\"PWT team\"],\"inLanguage\":\"it-IT\"},{\"@type\":\"WebPage\",\"@id\":\"https:\\\/\\\/www.orienteering.it\\\/it\\\/2026\\\/08\\\/21\\\/inderst-in-finale-alla-coppa-del-mondo-in-repubblica-ceca\\\/\",\"url\":\"https:\\\/\\\/www.orienteering.it\\\/it\\\/2026\\\/08\\\/21\\\/inderst-in-finale-alla-coppa-del-mondo-in-repubblica-ceca\\\/\",\"name\":\"Inderst in finale alla Coppa del Mondo in Repubblica Ceca - Orienteering.it\",\"isPartOf\":{\"@id\":\"https:\\\/\\\/www.orienteering.it\\\/#website\"},\"primaryImageOfPage\":{\"@id\":\"https:\\\/\\\/www.orienteering.it\\\/it\\\/2026\\\/08\\\/21\\\/inderst-in-finale-alla-coppa-del-mondo-in-repubblica-ceca\\\/#primaryimage\"},\"image\":{\"@id\":\"https:\\\/\\\/www.orienteering.it\\\/it\\\/2026\\\/08\\\/21\\\/inderst-in-finale-alla-coppa-del-mondo-in-repubblica-ceca\\\/#primaryimage\"},\"thumbnailUrl\":\"https:\\\/\\\/www.orienteering.it\\\/wp-content\\\/uploads\\\/2026\\\/08\\\/7DC6FB71-31B7-4124-8762-5294D9C009EB-e1787322929957.jpg\",\"datePublished\":\"2026-08-21T14:32:38+00:00\",\"dateModified\":\"2026-08-21T14:37:45+00:00\",\"breadcrumb\":{\"@id\":\"https:\\\/\\\/www.orienteering.it\\\/it\\\/2026\\\/08\\\/21\\\/inderst-in-finale-alla-coppa-del-mondo-in-repubblica-ceca\\\/#breadcrumb\"},\"inLanguage\":\"it-IT\",\"potentialAction\":[{\"@type\":\"ReadAction\",\"target\":[\"https:\\\/\\\/www.orienteering.it\\\/it\\\/2026\\\/08\\\/21\\\/inderst-in-finale-alla-coppa-del-mondo-in-repubblica-ceca\\\/\"]}]},{\"@type\":\"ImageObject\",\"inLanguage\":\"it-IT\",\"@id\":\"https:\\\/\\\/www.orienteering.it\\\/it\\\/2026\\\/08\\\/21\\\/inderst-in-finale-alla-coppa-del-mondo-in-repubblica-ceca\\\/#primaryimage\",\"url\":\"https:\\\/\\\/www.orienteering.it\\\/wp-content\\\/uploads\\\/2026\\\/08\\\/7DC6FB71-31B7-4124-8762-5294D9C009EB-e1787322929957.jpg\",\"contentUrl\":\"https:\\\/\\\/www.orienteering.it\\\/wp-content\\\/uploads\\\/2026\\\/08\\\/7DC6FB71-31B7-4124-8762-5294D9C009EB-e1787322929957.jpg\",\"width\":843,\"height\":405},{\"@type\":\"BreadcrumbList\",\"@id\":\"https:\\\/\\\/www.orienteering.it\\\/it\\\/2026\\\/08\\\/21\\\/inderst-in-finale-alla-coppa-del-mondo-in-repubblica-ceca\\\/#breadcrumb\",\"itemListElement\":[{\"@type\":\"ListItem\",\"position\":1,\"name\":\"Home\",\"item\":\"https:\\\/\\\/www.orienteering.it\\\/it\\\/home\\\/\"},{\"@type\":\"ListItem\",\"position\":2,\"name\":\"Inderst in finale alla Coppa del Mondo in Repubblica Ceca\"}]},{\"@type\":\"WebSite\",\"@id\":\"https:\\\/\\\/www.orienteering.it\\\/#website\",\"url\":\"https:\\\/\\\/www.orienteering.it\\\/\",\"name\":\"Orienteering.it\",\"description\":\"\",\"publisher\":{\"@id\":\"https:\\\/\\\/www.orienteering.it\\\/#organization\"},\"potentialAction\":[{\"@type\":\"SearchAction\",\"target\":{\"@type\":\"EntryPoint\",\"urlTemplate\":\"https:\\\/\\\/www.orienteering.it\\\/?s={search_term_string}\"},\"query-input\":{\"@type\":\"PropertyValueSpecification\",\"valueRequired\":true,\"valueName\":\"search_term_string\"}}],\"inLanguage\":\"it-IT\"},{\"@type\":\"Organization\",\"@id\":\"https:\\\/\\\/www.orienteering.it\\\/#organization\",\"name\":\"Orienteering.it\",\"url\":\"https:\\\/\\\/www.orienteering.it\\\/\",\"logo\":{\"@type\":\"ImageObject\",\"inLanguage\":\"it-IT\",\"@id\":\"https:\\\/\\\/www.orienteering.it\\\/#\\\/schema\\\/logo\\\/image\\\/\",\"url\":\"https:\\\/\\\/www.orienteering.it\\\/wp-content\\\/uploads\\\/2024\\\/12\\\/Park-World-Tour-Italy-Quadrata-01.png\",\"contentUrl\":\"https:\\\/\\\/www.orienteering.it\\\/wp-content\\\/uploads\\\/2024\\\/12\\\/Park-World-Tour-Italy-Quadrata-01.png\",\"width\":1436,\"height\":1436,\"caption\":\"Orienteering.it\"},\"image\":{\"@id\":\"https:\\\/\\\/www.orienteering.it\\\/#\\\/schema\\\/logo\\\/image\\\/\"}},{\"@type\":\"Person\",\"@id\":\"https:\\\/\\\/www.orienteering.it\\\/#\\\/schema\\\/person\\\/f5bf9a436c10d209aa6d1476665c15e1\",\"name\":\"Annarita\",\"image\":{\"@type\":\"ImageObject\",\"inLanguage\":\"it-IT\",\"@id\":\"https:\\\/\\\/secure.gravatar.com\\\/avatar\\\/0b61392dbab23233e9fd7f561a65400afa5624c4d681dadd4aaa8e93ac3bb422?s=96&d=mm&r=g\",\"url\":\"https:\\\/\\\/secure.gravatar.com\\\/avatar\\\/0b61392dbab23233e9fd7f561a65400afa5624c4d681dadd4aaa8e93ac3bb422?s=96&d=mm&r=g\",\"contentUrl\":\"https:\\\/\\\/secure.gravatar.com\\\/avatar\\\/0b61392dbab23233e9fd7f561a65400afa5624c4d681dadd4aaa8e93ac3bb422?s=96&d=mm&r=g\",\"caption\":\"Annarita\"},\"url\":\"https:\\\/\\\/www.orienteering.it\\\/it\\\/author\\\/annarita\\\/\"}]}<\/script>\n<!-- \/ Yoast SEO plugin. -->","yoast_head_json":{"title":"Inderst in finale alla Coppa del Mondo in Repubblica Ceca - Orienteering.it","robots":{"index":"index","follow":"follow","max-snippet":"max-snippet:-1","max-image-preview":"max-image-preview:large","max-video-preview":"max-video-preview:-1"},"canonical":"https:\/\/www.orienteering.it\/it\/2026\/08\/21\/inderst-in-finale-alla-coppa-del-mondo-in-repubblica-ceca\/","og_locale":"it_IT","og_type":"article","og_title":"Inderst in finale alla Coppa del Mondo in Repubblica Ceca - Orienteering.it","og_description":"A Vy\u0161\u0161\u00ed Brod, in Repubblica Ceca, Sebastian Inderst ha preso parte alla terza tappa stagionale della Coppa del Mondo, andata in scena dal 5 al 9 agosto. Su terreni tecnici e submontani della Boemia meridionale, Sebastian ha superato la qualificazione della Middle conquistando l&#8217;accesso alla finale A, un risultato niente male considerando che oggi ogni nazione pu\u00f2 schierare fino a 8 atleti. Dietro c&#8217;\u00e8 un lavoro che va avanti da un po&#8217;: insieme alla sua allenatrice Svetlana, e con il supporto di Park World Tour Italia, Sebastian sta rivedendo il modo in cui affronta le gare, e a Vy\u0161\u0161\u00ed Brod si [...]","og_url":"https:\/\/www.orienteering.it\/it\/2026\/08\/21\/inderst-in-finale-alla-coppa-del-mondo-in-repubblica-ceca\/","og_site_name":"Orienteering.it","article_published_time":"2026-08-21T14:32:38+00:00","article_modified_time":"2026-08-21T14:37:45+00:00","og_image":[{"width":843,"height":405,"url":"https:\/\/www.orienteering.it\/wp-content\/uploads\/2026\/08\/7DC6FB71-31B7-4124-8762-5294D9C009EB-e1787322929957.jpg","type":"image\/jpeg"}],"author":"Annarita","twitter_card":"summary_large_image","twitter_misc":{"Scritto da":"Annarita","Tempo di lettura stimato":"2 minuti"},"schema":{"@context":"https:\/\/schema.org","@graph":[{"@type":"Article","@id":"https:\/\/www.orienteering.it\/it\/2026\/08\/21\/inderst-in-finale-alla-coppa-del-mondo-in-repubblica-ceca\/#article","isPartOf":{"@id":"https:\/\/www.orienteering.it\/it\/2026\/08\/21\/inderst-in-finale-alla-coppa-del-mondo-in-repubblica-ceca\/"},"author":{"name":"Annarita","@id":"https:\/\/www.orienteering.it\/#\/schema\/person\/f5bf9a436c10d209aa6d1476665c15e1"},"headline":"Inderst in finale alla Coppa del Mondo in Repubblica Ceca","datePublished":"2026-08-21T14:32:38+00:00","dateModified":"2026-08-21T14:37:45+00:00","mainEntityOfPage":{"@id":"https:\/\/www.orienteering.it\/it\/2026\/08\/21\/inderst-in-finale-alla-coppa-del-mondo-in-repubblica-ceca\/"},"wordCount":240,"publisher":{"@id":"https:\/\/www.orienteering.it\/#organization"},"image":{"@id":"https:\/\/www.orienteering.it\/it\/2026\/08\/21\/inderst-in-finale-alla-coppa-del-mondo-in-repubblica-ceca\/#primaryimage"},"thumbnailUrl":"https:\/\/www.orienteering.it\/wp-content\/uploads\/2026\/08\/7DC6FB71-31B7-4124-8762-5294D9C009EB-e1787322929957.jpg","articleSection":["Non categorizzato","PWT team"],"inLanguage":"it-IT"},{"@type":"WebPage","@id":"https:\/\/www.orienteering.it\/it\/2026\/08\/21\/inderst-in-finale-alla-coppa-del-mondo-in-repubblica-ceca\/","url":"https:\/\/www.orienteering.it\/it\/2026\/08\/21\/inderst-in-finale-alla-coppa-del-mondo-in-repubblica-ceca\/","name":"Inderst in finale alla Coppa del Mondo in Repubblica Ceca - Orienteering.it","isPartOf":{"@id":"https:\/\/www.orienteering.it\/#website"},"primaryImageOfPage":{"@id":"https:\/\/www.orienteering.it\/it\/2026\/08\/21\/inderst-in-finale-alla-coppa-del-mondo-in-repubblica-ceca\/#primaryimage"},"image":{"@id":"https:\/\/www.orienteering.it\/it\/2026\/08\/21\/inderst-in-finale-alla-coppa-del-mondo-in-repubblica-ceca\/#primaryimage"},"thumbnailUrl":"https:\/\/www.orienteering.it\/wp-content\/uploads\/2026\/08\/7DC6FB71-31B7-4124-8762-5294D9C009EB-e1787322929957.jpg","datePublished":"2026-08-21T14:32:38+00:00","dateModified":"2026-08-21T14:37:45+00:00","breadcrumb":{"@id":"https:\/\/www.orienteering.it\/it\/2026\/08\/21\/inderst-in-finale-alla-coppa-del-mondo-in-repubblica-ceca\/#breadcrumb"},"inLanguage":"it-IT","potentialAction":[{"@type":"ReadAction","target":["https:\/\/www.orienteering.it\/it\/2026\/08\/21\/inderst-in-finale-alla-coppa-del-mondo-in-repubblica-ceca\/"]}]},{"@type":"ImageObject","inLanguage":"it-IT","@id":"https:\/\/www.orienteering.it\/it\/2026\/08\/21\/inderst-in-finale-alla-coppa-del-mondo-in-repubblica-ceca\/#primaryimage","url":"https:\/\/www.orienteering.it\/wp-content\/uploads\/2026\/08\/7DC6FB71-31B7-4124-8762-5294D9C009EB-e1787322929957.jpg","contentUrl":"https:\/\/www.orienteering.it\/wp-content\/uploads\/2026\/08\/7DC6FB71-31B7-4124-8762-5294D9C009EB-e1787322929957.jpg","width":843,"height":405},{"@type":"BreadcrumbList","@id":"https:\/\/www.orienteering.it\/it\/2026\/08\/21\/inderst-in-finale-alla-coppa-del-mondo-in-repubblica-ceca\/#breadcrumb","itemListElement":[{"@type":"ListItem","position":1,"name":"Home","item":"https:\/\/www.orienteering.it\/it\/home\/"},{"@type":"ListItem","position":2,"name":"Inderst in finale alla Coppa del Mondo in Repubblica Ceca"}]},{"@type":"WebSite","@id":"https:\/\/www.orienteering.it\/#website","url":"https:\/\/www.orienteering.it\/","name":"Orienteering.it","description":"","publisher":{"@id":"https:\/\/www.orienteering.it\/#organization"},"potentialAction":[{"@type":"SearchAction","target":{"@type":"EntryPoint","urlTemplate":"https:\/\/www.orienteering.it\/?s={search_term_string}"},"query-input":{"@type":"PropertyValueSpecification","valueRequired":true,"valueName":"search_term_string"}}],"inLanguage":"it-IT"},{"@type":"Organization","@id":"https:\/\/www.orienteering.it\/#organization","name":"Orienteering.it","url":"https:\/\/www.orienteering.it\/","logo":{"@type":"ImageObject","inLanguage":"it-IT","@id":"https:\/\/www.orienteering.it\/#\/schema\/logo\/image\/","url":"https:\/\/www.orienteering.it\/wp-content\/uploads\/2024\/12\/Park-World-Tour-Italy-Quadrata-01.png","contentUrl":"https:\/\/www.orienteering.it\/wp-content\/uploads\/2024\/12\/Park-World-Tour-Italy-Quadrata-01.png","width":1436,"height":1436,"caption":"Orienteering.it"},"image":{"@id":"https:\/\/www.orienteering.it\/#\/schema\/logo\/image\/"}},{"@type":"Person","@id":"https:\/\/www.orienteering.it\/#\/schema\/person\/f5bf9a436c10d209aa6d1476665c15e1","name":"Annarita","image":{"@type":"ImageObject","inLanguage":"it-IT","@id":"https:\/\/secure.gravatar.com\/avatar\/0b61392dbab23233e9fd7f561a65400afa5624c4d681dadd4aaa8e93ac3bb422?s=96&d=mm&r=g","url":"https:\/\/secure.gravatar.com\/avatar\/0b61392dbab23233e9fd7f561a65400afa5624c4d681dadd4aaa8e93ac3bb422?s=96&d=mm&r=g","contentUrl":"https:\/\/secure.gravatar.com\/avatar\/0b61392dbab23233e9fd7f561a65400afa5624c4d681dadd4aaa8e93ac3bb422?s=96&d=mm&r=g","caption":"Annarita"},"url":"https:\/\/www.orienteering.it\/it\/author\/annarita\/"}]}},"_links":{"self":[{"href":"https:\/\/www.orienteering.it\/it\/wp-json\/wp\/v2\/posts\/8648","targetHints":{"allow":["GET"]}}],"collection":[{"href":"https:\/\/www.orienteering.it\/it\/wp-json\/wp\/v2\/posts"}],"about":[{"href":"https:\/\/www.orienteering.it\/it\/wp-json\/wp\/v2\/types\/post"}],"author":[{"embeddable":true,"href":"https:\/\/www.orienteering.it\/it\/wp-json\/wp\/v2\/users\/3"}],"replies":[{"embeddable":true,"href":"https:\/\/www.orienteering.it\/it\/wp-json\/wp\/v2\/comments?post=8648"}],"version-history":[{"count":3,"href":"https:\/\/www.orienteering.it\/it\/wp-json\/wp\/v2\/posts\/8648\/revisions"}],"predecessor-version":[{"id":8651,"href":"https:\/\/www.orienteering.it\/it\/wp-json\/wp\/v2\/posts\/8648\/revisions\/8651"}],"wp:featuredmedia":[{"embeddable":true,"href":"https:\/\/www.orienteering.it\/it\/wp-json\/wp\/v2\/media\/8644"}],"wp:attachment":[{"href":"https:\/\/www.orienteering.it\/it\/wp-json\/wp\/v2\/media?parent=8648"}],"wp:term":[{"taxonomy":"category","embeddable":true,"href":"https:\/\/www.orienteering.it\/it\/wp-json\/wp\/v2\/categories?post=8648"},{"taxonomy":"post_tag","embeddable":true,"href":"https:\/\/www.orienteering.it\/it\/wp-json\/wp\/v2\/tags?post=8648"}],"curies":[{"name":"wp","href":"https:\/\/api.w.org\/{rel}","templated":true}]}}